{"id":1198,"date":"2021-09-03T00:00:00","date_gmt":"2021-09-03T04:00:00","guid":{"rendered":"https:\/\/rjm.local\/bridges-september-3-2021\/"},"modified":"2021-09-03T00:00:00","modified_gmt":"2021-09-03T04:00:00","slug":"bridges-september-3-2021","status":"publish","type":"post","link":"https:\/\/rjmusa.org\/es\/puentes-3-de-septiembre-de-2021\/","title":{"rendered":"Puentes, 3 de septiembre de 2021"},"content":{"rendered":"<p><strong>5\u00ba ANIVERSARIO DE LA MUERTE DEL SR. ISA SOLA, RJM<\/strong><\/p>\n<p>El 2 de septiembre se celebr\u00f3 en Barcelona, Espa\u00f1a, su ciudad natal, el quinto aniversario de la muerte de Sor Isa Sola, RJM. Los actos los organizaron el representante de su familia, su hermano Javier Sol\u00e1, junto con la se\u00f1orita Alejandra Ron, directora de Fundaci\u00f3n Juntos Mejor, y la hermana Marta Guitart, RJM, Superiora Provincial de Espa\u00f1a.<\/p>\n<p>Sor M\u00f3nica Jos\u00e9, RJM (de pie) y Sor Encarna Viarn\u00e9s, RJM vinieron desde Roma para asistir a la misa conmemorativa en la cripta de Santa Eulalia, la joven m\u00e1rtir, patrona de Barcelona, en su hermosa catedral g\u00f3tica. La misa estuvo presidida por Mons. Gordo, obispo auxiliar de Barcelona. A la misa asistieron todas las comunidades de Barcelona, la familia de Isa y algunos amigos. Monse\u00f1or. Gordo explic\u00f3 con mucho cari\u00f1o c\u00f3mo el testimonio de sor Isa se asemeja al de santa Eulalia, que como muchos testigos dieron su vida al servicio de los necesitados, y que son modelos para todos nosotros. Escuchamos el \u201csuscipe\u201d cantado por Isa, durante la comuni\u00f3n, un momento de intensa oraci\u00f3n por el pueblo de Hait\u00ed.<\/p>\n<p>Despu\u00e9s de misa, fuimos al museo diocesano de Barcelona para ver una exposici\u00f3n de hermosas fotograf\u00edas de Hait\u00ed tomadas por Sor Isa. Tambi\u00e9n se exhibieron su guitarra y su c\u00e1mara. Las palabras de apertura estuvieron a cargo del Obispo, seguido de las autoridades de la ciudad y de Mey Zamora, (autora de la biograf\u00eda de Isa y una de las organizadoras de la exposici\u00f3n). Nos animaron a disfrutar el amor y la belleza de las im\u00e1genes, mientras nos reun\u00edamos como una familia con Isa y el pueblo haitiano en nuestros corazones.<\/p>\n<p>La exposici\u00f3n est\u00e1 abierta al p\u00fablico en general, para promover la solidaridad con Hait\u00ed, y ser\u00e1 visitada por todos los alumnos de las escuelas JM&#039;s de Barcelona. Estamos agradecidos de haber asistido a estos llenos eventos.<\/p>\n<p><em>\u2013 Hna. Yudith Pereira, RJM<\/em><\/p>","protected":false},"excerpt":{"rendered":"<p>El 2 de septiembre se celebr\u00f3 en Barcelona, Espa\u00f1a, su ciudad natal, el quinto aniversario de la muerte de Sor Isa Sola, RJM. Los actos los organizaron el representante de su familia, su hermano Javier Sol\u00e1, junto con la se\u00f1orita Alejandra Ron, directora de Fundaci\u00f3n Juntos Mejor, y la hermana Marta Guitart, RJM, Superiora Provincial de Espa\u00f1a.<\/p>","protected":false},"author":2,"featured_media":1197,"comment_status":"open","ping_status":"open","sticky":false,"template":"","format":"standard","meta":{"_kad_blocks_custom_css":"","_kad_blocks_head_custom_js":"","_kad_blocks_body_custom_js":"","_kad_blocks_footer_custom_js":"","_kad_post_transparent":"","_kad_post_title":"","_kad_post_layout":"","_kad_post_sidebar_id":"","_kad_post_content_style":"","_kad_post_vertical_padding":"","_kad_post_feature":"","_kad_post_feature_position":"","_kad_post_header":false,"_kad_post_footer":false,"footnotes":""},"categories":[1],"tags":[59],"our_priorities":[],"section":[188],"class_list":["post-1198","post","type-post","status-publish","format-standard","has-post-thumbnail","hentry","category-newsletter","tag-isa-sola","section-bridges"],"acf":[],"taxonomy_info":{"category":[{"value":1,"label":"Bridges"}],"post_tag":[{"value":59,"label":"Isa Sola"}],"section":[{"value":188,"label":"Bridges"}]},"featured_image_src_large":["https:\/\/rjmusa.org\/wp-content\/uploads\/2021\/09\/Bridges-090321.png",979,763,false],"author_info":{"display_name":"root","author_link":"https:\/\/rjmusa.org\/es\/author\/root\/"},"comment_info":0,"category_info":[{"term_id":1,"name":"Bridges","slug":"newsletter","term_group":0,"term_taxonomy_id":1,"taxonomy":"category","description":"","parent":0,"count":425,"filter":"raw","cat_ID":1,"category_count":425,"category_description":"","cat_name":"Bridges","category_nicename":"newsletter","category_parent":0}],"tag_info":[{"term_id":59,"name":"Isa Sola","slug":"isa-sola","term_group":0,"term_taxonomy_id":59,"taxonomy":"post_tag","description":"","parent":0,"count":4,"filter":"raw"}],"_links":{"self":[{"href":"https:\/\/rjmusa.org\/es\/wp-json\/wp\/v2\/posts\/1198","targetHints":{"allow":["GET"]}}],"collection":[{"href":"https:\/\/rjmusa.org\/es\/wp-json\/wp\/v2\/posts"}],"about":[{"href":"https:\/\/rjmusa.org\/es\/wp-json\/wp\/v2\/types\/post"}],"author":[{"embeddable":true,"href":"https:\/\/rjmusa.org\/es\/wp-json\/wp\/v2\/users\/2"}],"replies":[{"embeddable":true,"href":"https:\/\/rjmusa.org\/es\/wp-json\/wp\/v2\/comments?post=1198"}],"version-history":[{"count":0,"href":"https:\/\/rjmusa.org\/es\/wp-json\/wp\/v2\/posts\/1198\/revisions"}],"wp:featuredmedia":[{"embeddable":true,"href":"https:\/\/rjmusa.org\/es\/wp-json\/wp\/v2\/media\/1197"}],"wp:attachment":[{"href":"https:\/\/rjmusa.org\/es\/wp-json\/wp\/v2\/media?parent=1198"}],"wp:term":[{"taxonomy":"category","embeddable":true,"href":"https:\/\/rjmusa.org\/es\/wp-json\/wp\/v2\/categories?post=1198"},{"taxonomy":"post_tag","embeddable":true,"href":"https:\/\/rjmusa.org\/es\/wp-json\/wp\/v2\/tags?post=1198"},{"taxonomy":"our_priorities","embeddable":true,"href":"https:\/\/rjmusa.org\/es\/wp-json\/wp\/v2\/our_priorities?post=1198"},{"taxonomy":"section","embeddable":true,"href":"https:\/\/rjmusa.org\/es\/wp-json\/wp\/v2\/section?post=1198"}],"curies":[{"name":"wp","href":"https:\/\/api.w.org\/{rel}","templated":true}]}}