{"id":2399,"date":"2024-04-23T13:48:07","date_gmt":"2024-04-23T17:48:07","guid":{"rendered":"https:\/\/rjmusa.org\/?p=2399"},"modified":"2024-04-30T16:08:55","modified_gmt":"2024-04-30T20:08:55","slug":"haiti-through-the-eyes-of-sr-isa","status":"publish","type":"post","link":"https:\/\/rjmusa.org\/es\/haiti-a-traves-de-los-ojos-de-sr-isa\/","title":{"rendered":"Hait\u00ed a trav\u00e9s de los ojos de Sor Isa"},"content":{"rendered":"<p><strong>Hna. Isabel Sol\u00e1 Matas, RJM<\/strong>, fue asesinado en 2016 mientras ministraba en Pot-au-Prince, Hait\u00ed. Sor Isa fue enfermera, maestra, m\u00fasico, compositora y l\u00edder; encontr\u00f3 la belleza y la alegr\u00eda a trav\u00e9s de la fotograf\u00eda. Cre\u00f3 un \u00e1lbum con sus fotograf\u00edas de 2013-2014 que comparti\u00f3 con su familia y las Religiosas de Jes\u00fas y Mar\u00eda. <\/p>\n\n\n\n<p>Recientemente, su familia entreg\u00f3 una copia de este \u00e1lbum al Papa Francisco. <a href=\"https:\/\/www.womenofgrace.com\/blog\/53239\" target=\"_blank\" rel=\"noreferrer noopener\">El Santo Padre record\u00f3 a Sor Isa<\/a> como parte de su \u00c1ngelus dominical el mismo fin de semana en que canoniz\u00f3 a Santa Teresa de Calcuta. El Papa dijo: <em>\u201cQuisiera recordar a quienes dedican su tiempo al servicio de nuestros hermanos y hermanas en ambientes dif\u00edciles o riesgosos. Oremos especialmente por la hermana misionera espa\u00f1ola, Sor Isabel, que fue asesinada hace dos d\u00edas en la capital de Hait\u00ed\u201d.<\/em><\/p>\n\n\n\n<p>El RJM comparte extractos de ese \u00e1lbum, <em>Bel Ayiti<\/em>, que capturan a trav\u00e9s de im\u00e1genes y palabras c\u00f3mo la Hna. Isa vio a Hait\u00ed y c\u00f3mo tantos involucrados en la misi\u00f3n de RJM ven \u201cel hermoso Hait\u00ed\u201d. <strong>Haga clic a continuaci\u00f3n para ver <em>Hait\u00ed a trav\u00e9s de los ojos de Sor Isa<\/em>.<\/strong><\/p>","protected":false},"excerpt":{"rendered":"<p>La hermana Isabel Sol\u00e1 Matas, RJM, fue asesinada en 2016 mientras ejerc\u00eda su ministerio en Pot-au-Prince, Hait\u00ed. La hermana Isa\u2026<\/p>","protected":false},"author":7,"featured_media":2401,"comment_status":"closed","ping_status":"open","sticky":false,"template":"","format":"standard","meta":{"_kad_blocks_custom_css":"","_kad_blocks_head_custom_js":"","_kad_blocks_body_custom_js":"","_kad_blocks_footer_custom_js":"","_kad_post_transparent":"","_kad_post_title":"","_kad_post_layout":"","_kad_post_sidebar_id":"","_kad_post_content_style":"","_kad_post_vertical_padding":"","_kad_post_feature":"","_kad_post_feature_position":"","_kad_post_header":false,"_kad_post_footer":false,"footnotes":""},"categories":[185,187,186],"tags":[],"our_priorities":[],"section":[189,194,216,190,215],"class_list":["post-2399","post","type-post","status-publish","format-standard","has-post-thumbnail","hentry","category-incarnating-forgiveness-reconciliation-and-healing-en","category-living-a-life-committed-to-justice-peace-and-the-integrity-of-creation-en","category-looking-on-our-world-with-the-eyes-of-claudine-and-responding-to-its-miseries-en","section-haiti-mission-newsletter","section-in-remembrance","section-necrologies","section-our-story","section-news"],"acf":[],"taxonomy_info":{"category":[{"value":185,"label":"Incarnating forgiveness, reconciliation and healing"},{"value":187,"label":"Living a life committed to Justice, Peace and the Integrity of Creation"},{"value":186,"label":"Looking on our world with the eyes of Claudine and responding to its miseries"}],"section":[{"value":189,"label":"Haiti Mission Newsletter"},{"value":194,"label":"In Remembrance"},{"value":216,"label":"Of Blessed Memory"},{"value":190,"label":"Our Story"},{"value":215,"label":"RJM News"}]},"featured_image_src_large":["https:\/\/rjmusa.org\/wp-content\/uploads\/2024\/04\/Eyes-of-Sr-Isa.png",860,507,false],"author_info":{"display_name":"Toby Harkleroad","author_link":"https:\/\/rjmusa.org\/es\/author\/toby\/"},"comment_info":0,"category_info":[{"term_id":185,"name":"Incarnating forgiveness, reconciliation and healing","slug":"incarnating-forgiveness-reconciliation-and-healing-en","term_group":0,"term_taxonomy_id":185,"taxonomy":"category","description":"Forgiveness is at the core of God\u2019s merciful goodness and at the heart of Claudine\u2019s foundational experience. Forgiveness is truly an essential characteristic of her charismatic grace. However, it is a grace received only at the end of a long, interior journey, a path through pain and darkness. We pray to enter Claudine\u2019s experience of God\u2019s loving pardon.\r\n","parent":202,"count":10,"filter":"raw","cat_ID":185,"category_count":10,"category_description":"Forgiveness is at the core of God\u2019s merciful goodness and at the heart of Claudine\u2019s foundational experience. Forgiveness is truly an essential characteristic of her charismatic grace. However, it is a grace received only at the end of a long, interior journey, a path through pain and darkness. We pray to enter Claudine\u2019s experience of God\u2019s loving pardon.\r\n","cat_name":"Incarnating forgiveness, reconciliation and healing","category_nicename":"incarnating-forgiveness-reconciliation-and-healing-en","category_parent":202},{"term_id":187,"name":"Living a life committed to Justice, Peace and the Integrity of Creation","slug":"living-a-life-committed-to-justice-peace-and-the-integrity-of-creation-en","term_group":0,"term_taxonomy_id":187,"taxonomy":"category","description":"The PERSONAL dimension of this third priority calls us to pray for, and deepen, INTERIOR PEACE. We know that inner peace is a requirement for becoming PEACEMAKERS, prophets of peace. The peace offered as a gift of Jesus \u2013 \u201cnot as the world gives\u201d \u2013 is both still and dynamic. It is like the balance of the cyclist: stable in movement, but not static. The person who has interior peace is rooted in a still center, and can encounter the storms of life without losing that peace at a deep level. This doesn\u2019t mean that life will be without difficulties or troubles that disturb. With God at the heart of it all, one learns that to find peace one needs first to seek and find God. . .\r\n","parent":202,"count":13,"filter":"raw","cat_ID":187,"category_count":13,"category_description":"The PERSONAL dimension of this third priority calls us to pray for, and deepen, INTERIOR PEACE. We know that inner peace is a requirement for becoming PEACEMAKERS, prophets of peace. The peace offered as a gift of Jesus \u2013 \u201cnot as the world gives\u201d \u2013 is both still and dynamic. It is like the balance of the cyclist: stable in movement, but not static. The person who has interior peace is rooted in a still center, and can encounter the storms of life without losing that peace at a deep level. This doesn\u2019t mean that life will be without difficulties or troubles that disturb. With God at the heart of it all, one learns that to find peace one needs first to seek and find God. . .\r\n","cat_name":"Living a life committed to Justice, Peace and the Integrity of Creation","category_nicename":"living-a-life-committed-to-justice-peace-and-the-integrity-of-creation-en","category_parent":202},{"term_id":186,"name":"Looking on our world with the eyes of Claudine and responding to its miseries","slug":"looking-on-our-world-with-the-eyes-of-claudine-and-responding-to-its-miseries-en","term_group":0,"term_taxonomy_id":186,"taxonomy":"category","description":"Gazing upon our world with Claudine\u2019s eyes, being moved as she was by the suffering around her, we beg for the grace to be moved to COMPASSION and ACTION as she was. We are invited to explore the depths of that compassion in ourselves.\r\n","parent":202,"count":20,"filter":"raw","cat_ID":186,"category_count":20,"category_description":"Gazing upon our world with Claudine\u2019s eyes, being moved as she was by the suffering around her, we beg for the grace to be moved to COMPASSION and ACTION as she was. We are invited to explore the depths of that compassion in ourselves.\r\n","cat_name":"Looking on our world with the eyes of Claudine and responding to its miseries","category_nicename":"looking-on-our-world-with-the-eyes-of-claudine-and-responding-to-its-miseries-en","category_parent":202}],"tag_info":false,"_links":{"self":[{"href":"https:\/\/rjmusa.org\/es\/wp-json\/wp\/v2\/posts\/2399","targetHints":{"allow":["GET"]}}],"collection":[{"href":"https:\/\/rjmusa.org\/es\/wp-json\/wp\/v2\/posts"}],"about":[{"href":"https:\/\/rjmusa.org\/es\/wp-json\/wp\/v2\/types\/post"}],"author":[{"embeddable":true,"href":"https:\/\/rjmusa.org\/es\/wp-json\/wp\/v2\/users\/7"}],"replies":[{"embeddable":true,"href":"https:\/\/rjmusa.org\/es\/wp-json\/wp\/v2\/comments?post=2399"}],"version-history":[{"count":0,"href":"https:\/\/rjmusa.org\/es\/wp-json\/wp\/v2\/posts\/2399\/revisions"}],"wp:featuredmedia":[{"embeddable":true,"href":"https:\/\/rjmusa.org\/es\/wp-json\/wp\/v2\/media\/2401"}],"wp:attachment":[{"href":"https:\/\/rjmusa.org\/es\/wp-json\/wp\/v2\/media?parent=2399"}],"wp:term":[{"taxonomy":"category","embeddable":true,"href":"https:\/\/rjmusa.org\/es\/wp-json\/wp\/v2\/categories?post=2399"},{"taxonomy":"post_tag","embeddable":true,"href":"https:\/\/rjmusa.org\/es\/wp-json\/wp\/v2\/tags?post=2399"},{"taxonomy":"our_priorities","embeddable":true,"href":"https:\/\/rjmusa.org\/es\/wp-json\/wp\/v2\/our_priorities?post=2399"},{"taxonomy":"section","embeddable":true,"href":"https:\/\/rjmusa.org\/es\/wp-json\/wp\/v2\/section?post=2399"}],"curies":[{"name":"wp","href":"https:\/\/api.w.org\/{rel}","templated":true}]}}