{"id":1098,"date":"2021-04-09T00:00:00","date_gmt":"2021-04-09T04:00:00","guid":{"rendered":"https:\/\/rjm.local\/bridges-april-9-2021\/"},"modified":"2021-04-09T00:00:00","modified_gmt":"2021-04-09T04:00:00","slug":"bridges-april-9-2021","status":"publish","type":"post","link":"https:\/\/rjmusa.org\/fr\/ponts-9-avril-2021\/","title":{"rendered":"Ponts, 9 avril 2021"},"content":{"rendered":"<p><strong><em>FR. KHALID REHMAT ORDONNE \u00c9V\u00caQUE AU PAKISTAN<\/em><\/strong><\/p>\n<p><strong><em>Dans&nbsp;<\/em><\/strong><strong><em>le<\/em><\/strong><strong><em>&nbsp;Le 15 janvier, Bridges \u00e9tait un article de&nbsp;<\/em><\/strong><strong><em>le<\/em><\/strong><strong><em>&nbsp;<u>Union des nouvelles catholiques asiatiques<\/u>&nbsp;concernant l&#039;\u00e9lection \u00e0 l&#039;\u00e9v\u00eaque du P\u00e8re Khalid Rehmat, ancien \u00e9l\u00e8ve de la congr\u00e9gation des s\u0153urs J\u00e9sus et Marie \u00e0 Mariakhel, au Pakistan, o\u00f9 S\u0153ur Mariam Norick RJM \u00e9tait sa directrice de la maternelle \u00e0 la 6e ann\u00e9e. Vous trouverez ci-dessous une mise \u00e0 jour sur son ordination.<\/em><\/strong><\/p>\n<p>Le P\u00e8re Khalid Rehmat a \u00e9t\u00e9 ordonn\u00e9 \u00e9v\u00eaque du Vicariat de Quetta au Baloutchistan, le jour de la f\u00eate de l&#039;Annonciation. L&#039;\u00e9v\u00eaque a consacr\u00e9 son minist\u00e8re \u00e0 Marie, lui demandant sa direction et sa protection en toutes circonstances.&nbsp;<\/p>\n<p>Il est n\u00e9 dans le village de Mariakhel, qui s&#039;est d\u00e9velopp\u00e9 dans le d\u00e9sert de Thal apr\u00e8s la partition. Ses grands-parents ont \u00e9t\u00e9 parmi les premiers colons du village. Sa famille est compos\u00e9e de catholiques travailleurs et exemplaires qui ont nourri plusieurs pr\u00eatres, fr\u00e8res et vocations religieuses, dont S\u0153ur C\u00e9lestine Bhag RJM, sa tante.<\/p>\n<p>Depuis son ordination sacerdotale, Mgr Rehmat est actif dans le domaine de la communication, en tant que r\u00e9dacteur du Journal mensuel,&nbsp;<em>Le Naqib catholique<\/em>, le plus ancien magazine catholique en langue ourdou.<\/p>\n<p>Il est \u00e9galement actif dans le travail de formation, ainsi que dans la pastorale paroissiale.<\/p>\n<p><em>\u2013 S\u0153ur Mariam Norick RJM<\/em><\/p>\n<p><strong>PROT\u00c9GER LES IMMIGRANTS HA\u00cfTIENS<\/strong><\/p>\n<p>\u00c0 la suggestion du Comit\u00e9 JPIC de la province, l&#039;\u00e9quipe de direction de la province a sign\u00e9 une lettre demandant \u00e0 l&#039;administration Biden de renommer&nbsp;<strong>TPS&nbsp;<\/strong>(Statut de Protection Temporaire) pour les immigrants en provenance d&#039;Ha\u00efti.<\/p>\n<p>L\u2019expulsion enverrait des gens vers un pays dont la situation politique actuelle est instable et dangereuse, et priverait les Ha\u00eftiens de l\u2019aide financi\u00e8re consid\u00e9rable que leur envoient leurs proches travaillant aux \u00c9tats-Unis. La lettre appelle le pr\u00e9sident Biden \u00e0 maintenir ses paroles dans la \u00ab Petite Ha\u00efti \u00bb de Miami, lorsqu\u2019il a promis de \u00ab (s\u2019assurer) que la communaut\u00e9 ha\u00eftienne ait une chance \u00e9gale de se remettre sur pied et de se mobiliser\u2026 pour r\u00e9aliser son incroyable potentiel \u00bb. La lettre compl\u00e8te est jointe au courriel accompagnant la lettre.&nbsp;<em>Des ponts<\/em>.<\/p>","protected":false},"excerpt":{"rendered":"<p>LE P. KHALID REHMAT ORDONN\u00c9 \u00c9V\u00caQUE AU PAKISTAN Dans le num\u00e9ro du 15 janvier de Bridges, on trouve un article de l&#039;Union des \u00e9v\u00eaques catholiques\u2026<\/p>","protected":false},"author":2,"featured_media":1097,"comment_status":"open","ping_status":"open","sticky":false,"template":"","format":"standard","meta":{"_kad_blocks_custom_css":"","_kad_blocks_head_custom_js":"","_kad_blocks_body_custom_js":"","_kad_blocks_footer_custom_js":"","_kad_post_transparent":"","_kad_post_title":"","_kad_post_layout":"","_kad_post_sidebar_id":"","_kad_post_content_style":"","_kad_post_vertical_padding":"","_kad_post_feature":"","_kad_post_feature_position":"","_kad_post_header":false,"_kad_post_footer":false,"footnotes":""},"categories":[1],"tags":[],"our_priorities":[],"section":[188],"class_list":["post-1098","post","type-post","status-publish","format-standard","has-post-thumbnail","hentry","category-newsletter","section-bridges"],"acf":[],"taxonomy_info":{"category":[{"value":1,"label":"Bridges"}],"section":[{"value":188,"label":"Bridges"}]},"featured_image_src_large":["https:\/\/rjmusa.org\/wp-content\/uploads\/2021\/04\/Bridges-040921-622x1024.png",622,1024,true],"author_info":{"display_name":"root","author_link":"https:\/\/rjmusa.org\/fr\/author\/root\/"},"comment_info":0,"category_info":[{"term_id":1,"name":"Bridges","slug":"newsletter","term_group":0,"term_taxonomy_id":1,"taxonomy":"category","description":"","parent":0,"count":425,"filter":"raw","cat_ID":1,"category_count":425,"category_description":"","cat_name":"Bridges","category_nicename":"newsletter","category_parent":0}],"tag_info":false,"_links":{"self":[{"href":"https:\/\/rjmusa.org\/fr\/wp-json\/wp\/v2\/posts\/1098","targetHints":{"allow":["GET"]}}],"collection":[{"href":"https:\/\/rjmusa.org\/fr\/wp-json\/wp\/v2\/posts"}],"about":[{"href":"https:\/\/rjmusa.org\/fr\/wp-json\/wp\/v2\/types\/post"}],"author":[{"embeddable":true,"href":"https:\/\/rjmusa.org\/fr\/wp-json\/wp\/v2\/users\/2"}],"replies":[{"embeddable":true,"href":"https:\/\/rjmusa.org\/fr\/wp-json\/wp\/v2\/comments?post=1098"}],"version-history":[{"count":0,"href":"https:\/\/rjmusa.org\/fr\/wp-json\/wp\/v2\/posts\/1098\/revisions"}],"wp:featuredmedia":[{"embeddable":true,"href":"https:\/\/rjmusa.org\/fr\/wp-json\/wp\/v2\/media\/1097"}],"wp:attachment":[{"href":"https:\/\/rjmusa.org\/fr\/wp-json\/wp\/v2\/media?parent=1098"}],"wp:term":[{"taxonomy":"category","embeddable":true,"href":"https:\/\/rjmusa.org\/fr\/wp-json\/wp\/v2\/categories?post=1098"},{"taxonomy":"post_tag","embeddable":true,"href":"https:\/\/rjmusa.org\/fr\/wp-json\/wp\/v2\/tags?post=1098"},{"taxonomy":"our_priorities","embeddable":true,"href":"https:\/\/rjmusa.org\/fr\/wp-json\/wp\/v2\/our_priorities?post=1098"},{"taxonomy":"section","embeddable":true,"href":"https:\/\/rjmusa.org\/fr\/wp-json\/wp\/v2\/section?post=1098"}],"curies":[{"name":"wp","href":"https:\/\/api.w.org\/{rel}","templated":true}]}}