{"id":1209,"date":"2021-10-01T00:00:00","date_gmt":"2021-10-01T04:00:00","guid":{"rendered":"https:\/\/rjm.local\/bridges-october-1-2021\/"},"modified":"2021-10-01T00:00:00","modified_gmt":"2021-10-01T04:00:00","slug":"bridges-october-1-2021","status":"publish","type":"post","link":"https:\/\/rjmusa.org\/fr\/ponts-1er-octobre-2021\/","title":{"rendered":"Ponts, 1er octobre 2021"},"content":{"rendered":"<p><strong>PASTORALE TIMOUN PITI \u2013 Beldorin, Ha\u00efti<\/strong><\/p>\n<p>C&#039;\u00e9tait la premi\u00e8re fois que S\u0153ur Valle Ch\u00edas Gonz\u00e1lez-Blanch, RJM et S\u0153ur Cur\u00edn Jos\u00e9 Garc\u00eda Calvo, RJM visitaient la c\u00e9l\u00e9bration mensuelle de la \u00ab Pastorale Timoun Piti \u00bb \u00e0 Beldorin. Ce programme originaire du Br\u00e9sil et introduit ici dans le nord-ouest par S\u0153ur Bridget O&#039;Driscoll, OP, est vivant et change la vie dans les zones rurales de Jean Rabel.<\/p>\n<p>Frazina (troisi\u00e8me), une des agents pastoraux b\u00e9n\u00e9voles, nous a accompagn\u00e9s sur le flanc de la colline. Nous sommes arriv\u00e9s \u00e0 destination et avons \u00e9t\u00e9 accueillis par V\u00e9ronique (la premi\u00e8re) et Diana (la deuxi\u00e8me), qui avaient pr\u00e9par\u00e9 la chambre et des rafra\u00eechissements locaux nutritifs. Petit \u00e0 petit, les enfants sont arriv\u00e9s puis les parents. Le coordinateur adjoint, Bassy (quatri\u00e8me), rend son soutien. Tous ont \u00e9t\u00e9 accueillis et, comme toujours, une lecture de l\u2019\u00c9vangile a \u00e9t\u00e9 partag\u00e9e. Bassy a ensuite parl\u00e9 de la nourriture locale, bon march\u00e9 et nutritive.<\/p>\n<p>Les enfants ont \u00e9t\u00e9 pes\u00e9s, \u00e0 l&#039;aide du p\u00e8se-pied rose et du p\u00e8se-b\u00e9b\u00e9 \u00e0 suspension ! Valle \u00e9tait tr\u00e8s int\u00e9ress\u00e9e car elle se lance dans un projet contre la malnutrition. Ce lien avec les groupes locaux est excellent pour identifier les enfants qui en ont le plus besoin. Un enfant de 6 ans pr\u00e9sent ce jour-l\u00e0 avait le poids d&#039;un enfant de 4 ans !<\/p>\n<p>Des rafra\u00eechissements ont \u00e9t\u00e9 distribu\u00e9s \u2013 bananes, manioc et jus naturels.<\/p>","protected":false},"excerpt":{"rendered":"<p>C&#039;\u00e9tait la premi\u00e8re fois que S\u0153ur Valle Ch\u00edas Gonz\u00e1lez-Blanch, RJM et S\u0153ur Cur\u00edn Jos\u00e9 Garc\u00eda Calvo, RJM visitaient la c\u00e9l\u00e9bration mensuelle de la \u00ab Pastorale Timoun Piti \u00bb \u00e0 Beldorin.<\/p>","protected":false},"author":2,"featured_media":1208,"comment_status":"open","ping_status":"open","sticky":false,"template":"","format":"standard","meta":{"_kad_blocks_custom_css":"","_kad_blocks_head_custom_js":"","_kad_blocks_body_custom_js":"","_kad_blocks_footer_custom_js":"","_kad_post_transparent":"","_kad_post_title":"","_kad_post_layout":"","_kad_post_sidebar_id":"","_kad_post_content_style":"","_kad_post_vertical_padding":"","_kad_post_feature":"","_kad_post_feature_position":"","_kad_post_header":false,"_kad_post_footer":false,"footnotes":""},"categories":[1],"tags":[7,119],"our_priorities":[],"section":[188],"class_list":["post-1209","post","type-post","status-publish","format-standard","has-post-thumbnail","hentry","category-newsletter","tag-haiti","tag-jean-rabel","section-bridges"],"acf":[],"taxonomy_info":{"category":[{"value":1,"label":"Bridges"}],"post_tag":[{"value":7,"label":"Haiti"},{"value":119,"label":"Jean Rabel"}],"section":[{"value":188,"label":"Bridges"}]},"featured_image_src_large":["https:\/\/rjmusa.org\/wp-content\/uploads\/2021\/10\/Picture1_18.png",620,349,false],"author_info":{"display_name":"root","author_link":"https:\/\/rjmusa.org\/fr\/author\/root\/"},"comment_info":0,"category_info":[{"term_id":1,"name":"Bridges","slug":"newsletter","term_group":0,"term_taxonomy_id":1,"taxonomy":"category","description":"","parent":0,"count":425,"filter":"raw","cat_ID":1,"category_count":425,"category_description":"","cat_name":"Bridges","category_nicename":"newsletter","category_parent":0}],"tag_info":[{"term_id":7,"name":"Haiti","slug":"haiti","term_group":0,"term_taxonomy_id":7,"taxonomy":"post_tag","description":"","parent":0,"count":42,"filter":"raw"},{"term_id":119,"name":"Jean Rabel","slug":"jean-rabel","term_group":0,"term_taxonomy_id":119,"taxonomy":"post_tag","description":"","parent":0,"count":12,"filter":"raw"}],"_links":{"self":[{"href":"https:\/\/rjmusa.org\/fr\/wp-json\/wp\/v2\/posts\/1209","targetHints":{"allow":["GET"]}}],"collection":[{"href":"https:\/\/rjmusa.org\/fr\/wp-json\/wp\/v2\/posts"}],"about":[{"href":"https:\/\/rjmusa.org\/fr\/wp-json\/wp\/v2\/types\/post"}],"author":[{"embeddable":true,"href":"https:\/\/rjmusa.org\/fr\/wp-json\/wp\/v2\/users\/2"}],"replies":[{"embeddable":true,"href":"https:\/\/rjmusa.org\/fr\/wp-json\/wp\/v2\/comments?post=1209"}],"version-history":[{"count":0,"href":"https:\/\/rjmusa.org\/fr\/wp-json\/wp\/v2\/posts\/1209\/revisions"}],"wp:featuredmedia":[{"embeddable":true,"href":"https:\/\/rjmusa.org\/fr\/wp-json\/wp\/v2\/media\/1208"}],"wp:attachment":[{"href":"https:\/\/rjmusa.org\/fr\/wp-json\/wp\/v2\/media?parent=1209"}],"wp:term":[{"taxonomy":"category","embeddable":true,"href":"https:\/\/rjmusa.org\/fr\/wp-json\/wp\/v2\/categories?post=1209"},{"taxonomy":"post_tag","embeddable":true,"href":"https:\/\/rjmusa.org\/fr\/wp-json\/wp\/v2\/tags?post=1209"},{"taxonomy":"our_priorities","embeddable":true,"href":"https:\/\/rjmusa.org\/fr\/wp-json\/wp\/v2\/our_priorities?post=1209"},{"taxonomy":"section","embeddable":true,"href":"https:\/\/rjmusa.org\/fr\/wp-json\/wp\/v2\/section?post=1209"}],"curies":[{"name":"wp","href":"https:\/\/api.w.org\/{rel}","templated":true}]}}