{"id":2417,"date":"2024-04-30T16:02:47","date_gmt":"2024-04-30T20:02:47","guid":{"rendered":"https:\/\/rjmusa.org\/?p=2417"},"modified":"2024-04-30T16:07:36","modified_gmt":"2024-04-30T20:07:36","slug":"blessed-dina-belanger","status":"publish","type":"post","link":"https:\/\/rjmusa.org\/fr\/bienheureuse-dina-belanger\/","title":{"rendered":"Bienheureuse Dina B\u00e9langer, RJM"},"content":{"rendered":"<p class=\"has-text-align-center\"><strong>30 avril \u2013 JOYEUX ANNIVERSAIRE !<\/strong><\/p>\n\n\n\n<p><strong>Parmi ceux qui ont \u00e9t\u00e9 servis par les minist\u00e8res RJM aux \u00c9tats-Unis, il y a\u00a0<a href=\"https:\/\/dinabelanger.com\/\" target=\"_blank\" rel=\"noreferrer noopener\">Bienheureuse Dina B\u00e9langer<\/a>.<\/strong>\u00a0En tant que jeune femme qu\u00e9b\u00e9coise, les enseignants ont vu un grand talent musical chez Dina et ont convaincu ses parents de l&#039;envoyer \u00e0 New York pour \u00e9tudier \u00e0 l&#039;institut de musique qui est devenu The Julliard School (la photo ci-dessus est de Dina pendant son s\u00e9jour \u00e0 New York). . <\/p>\n\n\n\n<p>Pendant ses \u00e9tudes \u00e0 New York, Dina a v\u00e9cu dans un minist\u00e8re RJM unique appel\u00e9 Notre-Dame de la Paix avec d&#039;autres jeunes femmes qui travaillaient et allaient \u00e0 l&#039;\u00e9cole. Notre-Dame de la Paix \u00e9tait une sorte de pension et de communaut\u00e9 \u00e0 Manhattan o\u00f9 les femmes catholiques de partout aux \u00c9tats-Unis et du monde pouvaient vivre, manger et prier sous la direction du RJM tout en participant aux opportunit\u00e9s croissantes de travail et d&#039;\u00e9ducation. offert aux femmes.\u00a0<em>Le RJM dirigeait un minist\u00e8re similaire appel\u00e9 R\u00e9sidence Sainte-Jeanne d&#039;Arc qui servait les jeunes femmes de San Diego et une communaut\u00e9 \u00e0 El Paso appel\u00e9e R\u00e9sidence Reine des Anges qui visait \u00e0 donner aux jeunes femmes des \u00c9tats-Unis et du Mexique les moyens de s&#039;impliquer dans l&#039;Action catholique. mouvement. Plus tard, le RJM aux \u00c9tats-Unis utilisera le mod\u00e8le des communaut\u00e9s chr\u00e9tiennes et le programme de volontariat QUEST pour offrir aux la\u00efcs, femmes et hommes, la possibilit\u00e9 de vivre avec les s\u0153urs et de servir \u00e0 leurs c\u00f4t\u00e9s.<\/em><\/p>\n\n\n<div class=\"wp-block-image\">\n<figure class=\"aligncenter size-full\"><a href=\"https:\/\/www.rjmgeneral.org\/en\/who-we-are\/history-and-foundation\/dina-belanger\/\" target=\"_blank\" rel=\"noreferrer noopener\"><img loading=\"lazy\" decoding=\"async\" width=\"300\" height=\"476\" src=\"https:\/\/rjmusa.org\/wp-content\/uploads\/2024\/04\/Dina_Belanger_1897-1929_en_1922.jpg\" alt=\"\" class=\"wp-image-2419\" srcset=\"https:\/\/rjmusa.org\/wp-content\/uploads\/2024\/04\/Dina_Belanger_1897-1929_en_1922.jpg 300w, https:\/\/rjmusa.org\/wp-content\/uploads\/2024\/04\/Dina_Belanger_1897-1929_en_1922-189x300.jpg 189w, https:\/\/rjmusa.org\/wp-content\/uploads\/2024\/04\/Dina_Belanger_1897-1929_en_1922-8x12.jpg 8w\" sizes=\"auto, (max-width: 300px) 100vw, 300px\" \/><\/a><\/figure>\n<\/div>\n\n\n<p>Dina est revenue au Canada apr\u00e8s avoir obtenu son dipl\u00f4me et elle est devenue musicienne en tourn\u00e9e pendant quelques ann\u00e9es avant de choisir de se joindre au RJM et de devenir professeur de musique. Malheureusement, quelques ann\u00e9es seulement apr\u00e8s le d\u00e9but de son minist\u00e8re d&#039;enseignante, Dina (connue sous le nom de M\u00e8re Marie de Sainte-C\u00e9cile de Rome) a attrap\u00e9 la scarlatine alors qu&#039;elle s&#039;occupait d&#039;un \u00e9l\u00e8ve malade et elle a finalement contract\u00e9 la tuberculose. En raison de ces maladies, la Bienheureuse Dina a \u00e9t\u00e9 forc\u00e9e de rester isol\u00e9e et de renoncer \u00e0 son minist\u00e8re aupr\u00e8s des autres. Alors qu&#039;elle \u00e9tait seule, elle a commenc\u00e9 une fervente vie de pri\u00e8re int\u00e9rieure et elle a d\u00e9cid\u00e9 d&#039;\u00e9crire sur la mani\u00e8re dont elle a rencontr\u00e9 J\u00e9sus m\u00eame lorsqu&#039;elle ne pouvait pas servir comme elle pensait que J\u00e9sus l&#039;avait appel\u00e9e. Ses \u00e9crits ont \u00e9t\u00e9 publi\u00e9s et se sont r\u00e9v\u00e9l\u00e9s tr\u00e8s utiles \u00e0 de nombreuses personnes dans leur propre voyage spirituel. Dina B\u00e9langer a \u00e9t\u00e9 b\u00e9atifi\u00e9e par le pape Saint Jean-Paul II en 1993.<\/p>\n\n\n<div class=\"wp-block-image\">\n<figure class=\"aligncenter size-full\"><a href=\"https:\/\/dinabelanger.com\/\" target=\"_blank\" rel=\"noreferrer noopener\"><img loading=\"lazy\" decoding=\"async\" width=\"279\" height=\"181\" src=\"https:\/\/rjmusa.org\/wp-content\/uploads\/2024\/04\/Bl-Dina-hospital.jpg\" alt=\"\" class=\"wp-image-2412\" srcset=\"https:\/\/rjmusa.org\/wp-content\/uploads\/2024\/04\/Bl-Dina-hospital.jpg 279w, https:\/\/rjmusa.org\/wp-content\/uploads\/2024\/04\/Bl-Dina-hospital-18x12.jpg 18w\" sizes=\"auto, (max-width: 279px) 100vw, 279px\" \/><\/a><\/figure>\n<\/div>\n\n\n<h2 class=\"wp-block-heading\">Priez avec nous !<\/h2>\n\n\n\n<blockquote class=\"wp-block-quote is-layout-flow wp-block-quote-is-layout-flow\">\n<p>P\u00e8re de la bont\u00e9 \u00e9ternelle, Vous avez mis dans le c\u0153ur de la Bienheureuse Dina B\u00e9langer le d\u00e9sir ardent de vous offrir, au nom de tous les hommes, les richesses infinies du C\u0153ur de J\u00e9sus pr\u00e9sent dans l&#039;Eucharistie, et de vivre, comme Marie, \u00e9troitement uni \u00e0 Celui qu&#039;elle aimait d&#039;un c\u0153ur sans partage.<\/p>\n\n\n\n<p>Puissions-nous, comme elle, trouver notre joie \u00e0 faire fid\u00e8lement votre Volont\u00e9, et puisque vous lui avez r\u00e9v\u00e9l\u00e9 votre grand d\u00e9sir de r\u00e9pandre sur le monde l&#039;abondance de vos gr\u00e2ces, entendez la pri\u00e8re que nous faisons pour votre plus grande gloire et que nous confiez-vous \u00e0 son intercession. Amen.<\/p>\n<\/blockquote>\n\n\n<div class=\"wp-block-image\">\n<figure class=\"aligncenter size-full\"><a href=\"https:\/\/aleteia.org\/daily-prayer\/monday-september-4-2\/\" target=\"_blank\" rel=\"noreferrer noopener\"><img loading=\"lazy\" decoding=\"async\" width=\"225\" height=\"225\" src=\"https:\/\/rjmusa.org\/wp-content\/uploads\/2024\/04\/dina-quote.jpeg\" alt=\"\" class=\"wp-image-2414\" srcset=\"https:\/\/rjmusa.org\/wp-content\/uploads\/2024\/04\/dina-quote.jpeg 225w, https:\/\/rjmusa.org\/wp-content\/uploads\/2024\/04\/dina-quote-150x150.jpeg 150w, https:\/\/rjmusa.org\/wp-content\/uploads\/2024\/04\/dina-quote-12x12.jpeg 12w\" sizes=\"auto, (max-width: 225px) 100vw, 225px\" \/><\/a><\/figure>\n<\/div>\n\n\n<p class=\"has-text-align-center\">La bienheureuse Dina B\u00e9langer, RJM, est comm\u00e9mor\u00e9e par le RJM et l&#039;\u00c9glise au Canada le 4 septembre<\/p>\n\n\n\n<p class=\"has-text-align-center\"><em>En savoir plus sur\u00a0<a href=\"http:\/\/dinabelangereng.blogspot.com\/\" target=\"_blank\" rel=\"noreferrer noopener\">sur la Bienheureuse Dina et sa spiritualit\u00e9<\/a><\/em><\/p>","protected":false},"excerpt":{"rendered":"<p>30 avril \u2013 JOYEUX ANNIVERSAIRE ! Parmi ceux qui ont \u00e9t\u00e9 servis par les minist\u00e8res RJM dans le\u2026<\/p>","protected":false},"author":7,"featured_media":2421,"comment_status":"closed","ping_status":"open","sticky":false,"template":"","format":"standard","meta":{"_kad_blocks_custom_css":"","_kad_blocks_head_custom_js":"","_kad_blocks_body_custom_js":"","_kad_blocks_footer_custom_js":"","_kad_post_transparent":"","_kad_post_title":"","_kad_post_layout":"","_kad_post_sidebar_id":"","_kad_post_content_style":"","_kad_post_vertical_padding":"","_kad_post_feature":"","_kad_post_feature_position":"","_kad_post_header":false,"_kad_post_footer":false,"footnotes":""},"categories":[217],"tags":[],"our_priorities":[],"section":[194,216,190,215],"class_list":["post-2417","post","type-post","status-publish","format-standard","has-post-thumbnail","hentry","category-from-the-archives","section-in-remembrance","section-necrologies","section-our-story","section-news"],"acf":[],"taxonomy_info":{"category":[{"value":217,"label":"From the Archives"}],"section":[{"value":194,"label":"In Remembrance"},{"value":216,"label":"Of Blessed Memory"},{"value":190,"label":"Our Story"},{"value":215,"label":"RJM News"}]},"featured_image_src_large":["https:\/\/rjmusa.org\/wp-content\/uploads\/2024\/04\/Dina_Belanger-NYC-edited.jpg",200,189,false],"author_info":{"display_name":"Toby Harkleroad","author_link":"https:\/\/rjmusa.org\/fr\/author\/toby\/"},"comment_info":0,"category_info":[{"term_id":217,"name":"From the Archives","slug":"from-the-archives","term_group":0,"term_taxonomy_id":217,"taxonomy":"category","description":"","parent":0,"count":6,"filter":"raw","cat_ID":217,"category_count":6,"category_description":"","cat_name":"From the Archives","category_nicename":"from-the-archives","category_parent":0}],"tag_info":false,"_links":{"self":[{"href":"https:\/\/rjmusa.org\/fr\/wp-json\/wp\/v2\/posts\/2417","targetHints":{"allow":["GET"]}}],"collection":[{"href":"https:\/\/rjmusa.org\/fr\/wp-json\/wp\/v2\/posts"}],"about":[{"href":"https:\/\/rjmusa.org\/fr\/wp-json\/wp\/v2\/types\/post"}],"author":[{"embeddable":true,"href":"https:\/\/rjmusa.org\/fr\/wp-json\/wp\/v2\/users\/7"}],"replies":[{"embeddable":true,"href":"https:\/\/rjmusa.org\/fr\/wp-json\/wp\/v2\/comments?post=2417"}],"version-history":[{"count":0,"href":"https:\/\/rjmusa.org\/fr\/wp-json\/wp\/v2\/posts\/2417\/revisions"}],"wp:featuredmedia":[{"embeddable":true,"href":"https:\/\/rjmusa.org\/fr\/wp-json\/wp\/v2\/media\/2421"}],"wp:attachment":[{"href":"https:\/\/rjmusa.org\/fr\/wp-json\/wp\/v2\/media?parent=2417"}],"wp:term":[{"taxonomy":"category","embeddable":true,"href":"https:\/\/rjmusa.org\/fr\/wp-json\/wp\/v2\/categories?post=2417"},{"taxonomy":"post_tag","embeddable":true,"href":"https:\/\/rjmusa.org\/fr\/wp-json\/wp\/v2\/tags?post=2417"},{"taxonomy":"our_priorities","embeddable":true,"href":"https:\/\/rjmusa.org\/fr\/wp-json\/wp\/v2\/our_priorities?post=2417"},{"taxonomy":"section","embeddable":true,"href":"https:\/\/rjmusa.org\/fr\/wp-json\/wp\/v2\/section?post=2417"}],"curies":[{"name":"wp","href":"https:\/\/api.w.org\/{rel}","templated":true}]}}