{"id":438,"date":"2018-02-27T15:26:23","date_gmt":"2018-02-27T20:26:23","guid":{"rendered":"https:\/\/rjm.local\/bridges-february-23-2018\/"},"modified":"2018-02-27T15:26:23","modified_gmt":"2018-02-27T20:26:23","slug":"bridges-february-23-2018","status":"publish","type":"post","link":"https:\/\/rjmusa.org\/fr\/ponts-23-fevrier-2018\/","title":{"rendered":"Ponts, 23 f\u00e9vrier 2018"},"content":{"rendered":"<p>JOURN\u00c9E D&#039;ACTION CATHOLIQUE POUR LES R\u00caVEURS<\/p>\n<p><strong>mardi 27 f\u00e9vrier<br \/>\n10h30<br \/>\nLe Capitole<\/strong><\/p>\n<ul>\n<li>R\u00e9seau national PICO<\/li>\n<li>Centre Columban pour le plaidoyer et la sensibilisation<\/li>\n<li>Conf\u00e9rence des Sup\u00e9rieurs Majeurs des Hommes<\/li>\n<li>Foi dans la vie publique<\/li>\n<li>R\u00e9seau d&#039;action franciscaine<\/li>\n<li>Conf\u00e9rence de leadership des religieuses<\/li>\n<li>R\u00e9seau \u2013 Un lobby catholique<\/li>\n<li>S\u0153urs de la Mis\u00e9ricorde des Am\u00e9riques<\/li>\n<\/ul>\n<p>S\u0153urs. Mary Bourdon et Rita Ricker assisteront \u00e0 cet \u00e9v\u00e9nement. Au nom des Religieuses de J\u00e9sus et Marie, Sr Rita a tent\u00e9 d&#039;ajouter le nom de RJM \u00e0 la liste des sponsors et sympathisants, mais il \u00e9tait trop tard pour respecter le d\u00e9lai de publication. Marie et Rita repr\u00e9senteront tous les Religieux de J\u00e9sus et Marie qui seront pr\u00e9sents \u00ab en esprit et en pri\u00e8re \u00bb.<\/p>\n<blockquote>\n<p><strong>JOURN\u00c9E D&#039;ACTION CATHOLIQUE POUR LES R\u00caVEURS<\/strong><\/p>\n<p>En r\u00e9ponse aux demandes des Dreamers pour une d\u00e9monstration de soutien suppl\u00e9mentaire de la part des dirigeants catholiques, le r\u00e9seau national PICO s&#039;associe \u00e0 un groupe de catholiques.<\/p>\n<p>organisations de justice sociale bas\u00e9es \u00e0 Washington pour organiser une&nbsp;<strong>Journ\u00e9e d&#039;action catholique pour les r\u00eaveurs<\/strong>&nbsp;au Capitole le<strong>&nbsp;Mardi 28 f\u00e9vrier \u00e0 10h30<\/strong><\/p>\n<p>Les participants comprendront des r\u00eaveurs catholiques, des membres du clerg\u00e9 catholique, des fr\u00e8res et religieuses religieux, des dirigeants la\u00efcs catholiques et un large \u00e9ventail de sympathisants. Plusieurs \u00e9v\u00eaques catholiques ont \u00e9galement \u00e9t\u00e9 invit\u00e9s. L&#039;\u00e9v\u00e9nement comprendra des pri\u00e8res et des chants parmi 100 \u00e0 200 participants et culminera avec la d\u00e9sob\u00e9issance civile qui sera exerc\u00e9e par une cohorte de dirigeants catholiques.<\/p>\n<p>L&#039;\u00e9v\u00e9nement sera suivi d&#039;une conf\u00e9rence de presse, ainsi que d&#039;une s\u00e9rie de visites aux bureaux du Congr\u00e8s pour souligner le fort engagement de la communaut\u00e9 catholique \u00e0 garantir une r\u00e9ponse compatissante \u00e0 la crise \u00e0 laquelle sont confront\u00e9s les R\u00eaveurs \u00e0 l&#039;approche de la date limite du 5 mars \u2013 une r\u00e9ponse l\u00e9gislative qui prot\u00e8ge les R\u00eaveurs sans nuire \u00e0 leurs familles.<\/p>\n<p>Vous n&#039;avez peut-\u00eatre pas vu l&#039;article d&#039;America Magazine dans lequel l&#039;USCCB encourage tout le monde \u00e0 appeler ses l\u00e9gislateurs le 26 f\u00e9vrier. Voir ce lien pour lire l&#039;article : &nbsp;<a href=\"https:\/\/www.americamagazine.org\/politics-society\/2018\/02\/18\/usccb-calls-catholics-take-action-dreamers\" target=\"_blank\" rel=\"noopener\">https:\/\/www.americamagazine.org\/politics-society\/2018\/02\/18\/usccb-calls-catholics-take-action-dreamers<\/a><\/p>\n<\/blockquote>\n<p>&nbsp;<\/p>","protected":false},"excerpt":{"rendered":"<p>JOURN\u00c9E D&#039;ACTION CATHOLIQUE POUR LES R\u00caVEURS<\/p>\n<p><strong>mardi 27 f\u00e9vrier<br \/>\n10h30<br \/>\nLe Capitole<\/strong><\/p>","protected":false},"author":2,"featured_media":437,"comment_status":"open","ping_status":"open","sticky":false,"template":"","format":"standard","meta":{"_kad_blocks_custom_css":"","_kad_blocks_head_custom_js":"","_kad_blocks_body_custom_js":"","_kad_blocks_footer_custom_js":"","_kad_post_transparent":"","_kad_post_title":"","_kad_post_layout":"","_kad_post_sidebar_id":"","_kad_post_content_style":"","_kad_post_vertical_padding":"","_kad_post_feature":"","_kad_post_feature_position":"","_kad_post_header":false,"_kad_post_footer":false,"footnotes":""},"categories":[1,186],"tags":[77],"our_priorities":[],"section":[188],"class_list":["post-438","post","type-post","status-publish","format-standard","has-post-thumbnail","hentry","category-newsletter","category-looking-on-our-world-with-the-eyes-of-claudine-and-responding-to-its-miseries-en","tag-dreamers","section-bridges"],"acf":[],"taxonomy_info":{"category":[{"value":1,"label":"Bridges"},{"value":186,"label":"Looking on our world with the eyes of Claudine and responding to its miseries"}],"post_tag":[{"value":77,"label":"Dreamers"}],"section":[{"value":188,"label":"Bridges"}]},"featured_image_src_large":["https:\/\/rjmusa.org\/wp-content\/uploads\/2018\/02\/dreamers-1024x622.jpg",1024,622,true],"author_info":{"display_name":"root","author_link":"https:\/\/rjmusa.org\/fr\/author\/root\/"},"comment_info":0,"category_info":[{"term_id":1,"name":"Bridges","slug":"newsletter","term_group":0,"term_taxonomy_id":1,"taxonomy":"category","description":"","parent":0,"count":442,"filter":"raw","cat_ID":1,"category_count":442,"category_description":"","cat_name":"Bridges","category_nicename":"newsletter","category_parent":0},{"term_id":186,"name":"Looking on our world with the eyes of Claudine and responding to its miseries","slug":"looking-on-our-world-with-the-eyes-of-claudine-and-responding-to-its-miseries-en","term_group":0,"term_taxonomy_id":186,"taxonomy":"category","description":"Gazing upon our world with Claudine\u2019s eyes, being moved as she was by the suffering around her, we beg for the grace to be moved to COMPASSION and ACTION as she was. We are invited to explore the depths of that compassion in ourselves.\r\n","parent":202,"count":20,"filter":"raw","cat_ID":186,"category_count":20,"category_description":"Gazing upon our world with Claudine\u2019s eyes, being moved as she was by the suffering around her, we beg for the grace to be moved to COMPASSION and ACTION as she was. We are invited to explore the depths of that compassion in ourselves.\r\n","cat_name":"Looking on our world with the eyes of Claudine and responding to its miseries","category_nicename":"looking-on-our-world-with-the-eyes-of-claudine-and-responding-to-its-miseries-en","category_parent":202}],"tag_info":[{"term_id":77,"name":"Dreamers","slug":"dreamers","term_group":0,"term_taxonomy_id":77,"taxonomy":"post_tag","description":"","parent":0,"count":1,"filter":"raw"}],"_links":{"self":[{"href":"https:\/\/rjmusa.org\/fr\/wp-json\/wp\/v2\/posts\/438","targetHints":{"allow":["GET"]}}],"collection":[{"href":"https:\/\/rjmusa.org\/fr\/wp-json\/wp\/v2\/posts"}],"about":[{"href":"https:\/\/rjmusa.org\/fr\/wp-json\/wp\/v2\/types\/post"}],"author":[{"embeddable":true,"href":"https:\/\/rjmusa.org\/fr\/wp-json\/wp\/v2\/users\/2"}],"replies":[{"embeddable":true,"href":"https:\/\/rjmusa.org\/fr\/wp-json\/wp\/v2\/comments?post=438"}],"version-history":[{"count":0,"href":"https:\/\/rjmusa.org\/fr\/wp-json\/wp\/v2\/posts\/438\/revisions"}],"wp:featuredmedia":[{"embeddable":true,"href":"https:\/\/rjmusa.org\/fr\/wp-json\/wp\/v2\/media\/437"}],"wp:attachment":[{"href":"https:\/\/rjmusa.org\/fr\/wp-json\/wp\/v2\/media?parent=438"}],"wp:term":[{"taxonomy":"category","embeddable":true,"href":"https:\/\/rjmusa.org\/fr\/wp-json\/wp\/v2\/categories?post=438"},{"taxonomy":"post_tag","embeddable":true,"href":"https:\/\/rjmusa.org\/fr\/wp-json\/wp\/v2\/tags?post=438"},{"taxonomy":"our_priorities","embeddable":true,"href":"https:\/\/rjmusa.org\/fr\/wp-json\/wp\/v2\/our_priorities?post=438"},{"taxonomy":"section","embeddable":true,"href":"https:\/\/rjmusa.org\/fr\/wp-json\/wp\/v2\/section?post=438"}],"curies":[{"name":"wp","href":"https:\/\/api.w.org\/{rel}","templated":true}]}}