{"id":675,"date":"2019-02-15T00:00:00","date_gmt":"2019-02-15T05:00:00","guid":{"rendered":"https:\/\/rjm.local\/bridges-february-15-2019\/"},"modified":"2019-02-15T00:00:00","modified_gmt":"2019-02-15T05:00:00","slug":"bridges-february-15-2019","status":"publish","type":"post","link":"https:\/\/rjmusa.org\/fr\/ponts-15-fevrier-2019\/","title":{"rendered":"Ponts, 15 f\u00e9vrier 2019"},"content":{"rendered":"<h2>MINISTERE DES MIGRANTS A LA FRONTIERE<\/h2>\n<p>Une fois de plus, nous sommes confront\u00e9s \u00e0 un \u00ab discours \u00e0 la nation \u00bb qui pr\u00e9sente les migrants sans aucune dignit\u00e9, respect ou compassion et les d\u00e9peint comme une \u00ab menace nationale \u00bb, alors que de nombreuses personnalit\u00e9s politiques et personnes le long de la fronti\u00e8re ont dress\u00e9 un tableau radicalement diff\u00e9rent. Il y a quelques semaines, S\u0153ur Natalia Mejia et moi-m\u00eame avons v\u00e9cu une situation tout \u00e0 fait diff\u00e9rente.<\/p>\n<p>Nous \u00e9tions dans un refuge pour migrants pr\u00e8s de chez nous et nous faisions de l&#039;art avec les enfants. Certaines mamans ont m\u00eame appr\u00e9ci\u00e9 un \u00ab papier d&#039;art pour adultes \u00bb avec une phrase d&#039;un psaume en anglais\/espagnol. En fait, m\u00eame quelques adolescents ont regard\u00e9 les objets que nous avions apport\u00e9s et ont \u00e9galement pris celui-l\u00e0 ! Puis un jeune p\u00e8re a amen\u00e9 son fils timide \u00e0 la table dans la cour o\u00f9 nous travaillions. Le gar\u00e7on s&#039;est cach\u00e9 entre les jambes de son p\u00e8re qui s&#039;est assis \u00e0 c\u00f4t\u00e9 de moi et a parl\u00e9 tout le temps tr\u00e8s doucement \u00e0 l&#039;oreille de son fils et l&#039;a invit\u00e9 \u00e0 choisir l&#039;un des masques d&#039;animaux. Le fils a finalement laiss\u00e9 son p\u00e8re l&#039;asseoir sur ses genoux et a regard\u00e9 son p\u00e8re colorier avec les crayons que le gar\u00e7on avait choisis. Apr\u00e8s que le papa ait fini de colorier et mis le masque sur lui-m\u00eame en premier, puis l&#039;enfant l&#039;a laiss\u00e9 le mettre avec un grand sourire... Quelle douceur, quelle patience, quelle compassion, quelle tendresse ce p\u00e8re a exprim\u00e9 envers son jeune fils - apr\u00e8s avoir march\u00e9 si loin pendant si longtemps, avoir travers\u00e9 de nombreux obstacles pour entrer dans notre pays, obtenir son bracelet \u00e9lectronique, sa date d&#039;audience, etc. et maintenant se pr\u00e9parer \u00e0 partir ce soir-l\u00e0 pour l&#039;Est pour \u00eatre avec sa famille - il \u00e9tait assis l\u00e0 - un p\u00e8re aimant embrassant son fils en lui assurant que &quot;tout allait bien&quot;... J&#039;\u00e9tais profond\u00e9ment \u00e9mu.<\/p>\n<p>La semaine derni\u00e8re, S\u0153ur Rosa Mejia, RJM (\u00e0 l\u2019extr\u00eame droite) s\u2019est jointe \u00e0 nous, s\u2019occupant chaque jour des parents, \u00e9coutant leurs histoires, \u00e9tant avec eux dans leurs larmes, priant avec eux, les invitant \u00e0 conna\u00eetre la pr\u00e9sence de Dieu. Une m\u00e8re a dit \u00e0 Rosa qu\u2019elle et sa fille avaient fui le Honduras parce que son mari voulait les tuer. Elle a ensuite rencontr\u00e9 un homme qui l\u2019aime, elle et son enfant de 4 ans. Ils veulent \u00eatre une famille. Alors qu\u2019ils demandaient l\u2019asile \u00e0 Tijuana, la police l\u2019a arr\u00eat\u00e9 comme \u00ab homme c\u00e9libataire \u00bb juste devant la femme et l\u2019enfant qui n\u2019arr\u00eataient pas de crier \u00ab papa \u00bb. Lorsque l\u2019enfant a vu les larmes de sa m\u00e8re, elle a dit \u00e0 sa m\u00e8re qu\u2019elle \u00e9tait s\u00fbre qu\u2019ils reverraient son \u00ab papa \u00bb parce que J\u00e9sus voulait qu\u2019ils soient ensemble\u2026 la foi simple et profonde d\u2019un enfant\u2026 Alors que Rosa priait avec les adultes dans le dortoir aujourd\u2019hui, un enfant de sept ans allong\u00e9 sur un lit a soudainement ajout\u00e9 sa pri\u00e8re de remerciement pour que Dieu les ait amen\u00e9s sains et saufs dans cet abri.<\/p>\n<p>S\u0153ur Natalia Mejia, RJM (assise), S\u0153ur Norene Costa, RJM (debout au centre) et moi-m\u00eame (debout \u00e0 gauche) \u00e9tions en train de faire de l&#039;art de la Saint-Valentin avec les enfants lorsqu&#039;un des gar\u00e7ons de 9 ans a pass\u00e9 la longue ficelle dans les gros c\u0153urs en mousse qu&#039;il venait de d\u00e9corer, s&#039;est lev\u00e9 de table et en a mis un autour de chacun de nos cous avec un grand sourire, puis est parti faire la m\u00eame chose avec sa m\u00e8re. Que puis-je dire\u2026 l&#039;\u00ab \u00e9tranger \u00bb nous a accueillis, nous les \u00e9trangers, dans sa\/leur vie avec beaucoup de confiance. Notre partage de foi ce soir, dans la pri\u00e8re du soir, \u00e9tait rempli d&#039;une attitude humble de profonde gratitude pour les nombreux dons de la pr\u00e9sence de Dieu\u2026<\/p>\n<p>Merci pour vos pri\u00e8res et votre soutien \u00e0 ce minist\u00e8re des migrants.<\/p>\n<p>\u2013 Sr Rosie Nicholson, RJM<\/p>","protected":false},"excerpt":{"rendered":"<p>Une fois de plus, nous sommes confront\u00e9s \u00e0 un \u00ab discours \u00e0 notre nation \u00bb qui pr\u00e9sente les migrants sans aucune dignit\u00e9, respect ou compassion et les d\u00e9peint comme une \u00ab menace nationale \u00bb, alors m\u00eame que de nombreuses personnalit\u00e9s politiques et personnes vivant le long de la fronti\u00e8re ont pr\u00e9sent\u00e9 une image radicalement diff\u00e9rente.<\/p>","protected":false},"author":2,"featured_media":674,"comment_status":"open","ping_status":"open","sticky":false,"template":"","format":"standard","meta":{"_kad_blocks_custom_css":"","_kad_blocks_head_custom_js":"","_kad_blocks_body_custom_js":"","_kad_blocks_footer_custom_js":"","_kad_post_transparent":"","_kad_post_title":"","_kad_post_layout":"","_kad_post_sidebar_id":"","_kad_post_content_style":"","_kad_post_vertical_padding":"","_kad_post_feature":"","_kad_post_feature_position":"","_kad_post_header":false,"_kad_post_footer":false,"footnotes":""},"categories":[1],"tags":[107],"our_priorities":[],"section":[188],"class_list":["post-675","post","type-post","status-publish","format-standard","has-post-thumbnail","hentry","category-newsletter","tag-immigration","section-bridges"],"acf":[],"taxonomy_info":{"category":[{"value":1,"label":"Bridges"}],"post_tag":[{"value":107,"label":"Immigration"}],"section":[{"value":188,"label":"Bridges"}]},"featured_image_src_large":["https:\/\/rjmusa.org\/wp-content\/uploads\/2019\/03\/190215-bridges.png",941,903,false],"author_info":{"display_name":"root","author_link":"https:\/\/rjmusa.org\/fr\/author\/root\/"},"comment_info":0,"category_info":[{"term_id":1,"name":"Bridges","slug":"newsletter","term_group":0,"term_taxonomy_id":1,"taxonomy":"category","description":"","parent":0,"count":425,"filter":"raw","cat_ID":1,"category_count":425,"category_description":"","cat_name":"Bridges","category_nicename":"newsletter","category_parent":0}],"tag_info":[{"term_id":107,"name":"Immigration","slug":"immigration","term_group":0,"term_taxonomy_id":107,"taxonomy":"post_tag","description":"","parent":0,"count":8,"filter":"raw"}],"_links":{"self":[{"href":"https:\/\/rjmusa.org\/fr\/wp-json\/wp\/v2\/posts\/675","targetHints":{"allow":["GET"]}}],"collection":[{"href":"https:\/\/rjmusa.org\/fr\/wp-json\/wp\/v2\/posts"}],"about":[{"href":"https:\/\/rjmusa.org\/fr\/wp-json\/wp\/v2\/types\/post"}],"author":[{"embeddable":true,"href":"https:\/\/rjmusa.org\/fr\/wp-json\/wp\/v2\/users\/2"}],"replies":[{"embeddable":true,"href":"https:\/\/rjmusa.org\/fr\/wp-json\/wp\/v2\/comments?post=675"}],"version-history":[{"count":0,"href":"https:\/\/rjmusa.org\/fr\/wp-json\/wp\/v2\/posts\/675\/revisions"}],"wp:featuredmedia":[{"embeddable":true,"href":"https:\/\/rjmusa.org\/fr\/wp-json\/wp\/v2\/media\/674"}],"wp:attachment":[{"href":"https:\/\/rjmusa.org\/fr\/wp-json\/wp\/v2\/media?parent=675"}],"wp:term":[{"taxonomy":"category","embeddable":true,"href":"https:\/\/rjmusa.org\/fr\/wp-json\/wp\/v2\/categories?post=675"},{"taxonomy":"post_tag","embeddable":true,"href":"https:\/\/rjmusa.org\/fr\/wp-json\/wp\/v2\/tags?post=675"},{"taxonomy":"our_priorities","embeddable":true,"href":"https:\/\/rjmusa.org\/fr\/wp-json\/wp\/v2\/our_priorities?post=675"},{"taxonomy":"section","embeddable":true,"href":"https:\/\/rjmusa.org\/fr\/wp-json\/wp\/v2\/section?post=675"}],"curies":[{"name":"wp","href":"https:\/\/api.w.org\/{rel}","templated":true}]}}