{"id":2170,"date":"2023-11-07T15:43:01","date_gmt":"2023-11-07T20:43:01","guid":{"rendered":"https:\/\/rjmusa.org\/?p=2170"},"modified":"2023-11-09T12:39:18","modified_gmt":"2023-11-09T17:39:18","slug":"how-we-remember-the-dead","status":"publish","type":"post","link":"https:\/\/rjmusa.org\/ht\/ki-jan-nou-sonje-mo-yo\/","title":{"rendered":"Kijan nou sonje moun ki mouri yo"},"content":{"rendered":"<div class=\"wp-block-image\">\n<figure class=\"aligncenter size-full is-resized\"><img loading=\"lazy\" decoding=\"async\" src=\"https:\/\/rjmusa.org\/wp-content\/uploads\/2023\/11\/Catacombs.jpg\" alt=\"\" class=\"wp-image-2171\" style=\"width:468px;height:263px\" width=\"468\" height=\"263\" srcset=\"https:\/\/rjmusa.org\/wp-content\/uploads\/2023\/11\/Catacombs.jpg 976w, https:\/\/rjmusa.org\/wp-content\/uploads\/2023\/11\/Catacombs-300x169.jpg 300w, https:\/\/rjmusa.org\/wp-content\/uploads\/2023\/11\/Catacombs-768x432.jpg 768w\" sizes=\"auto, (max-width: 468px) 100vw, 468px\" \/><figcaption class=\"wp-element-caption\">Katakkonb Santa Priscilla nan lavil W\u00f2m (foto BBC)<\/figcaption><\/figure>\n<\/div>\n\n\n<p><strong>Depi premye jou Legliz la, kretyen yo te pran tan pou yo sonje epi priye pou moun ki mouri yo, sitou pou moun ki te touye akoz lafwa yo, mati yo.<\/strong> Sa a te mennen anpil koutim ak tradisyon devlope sou tan ki vle di ede nou k\u00f2m moun ak kominote nan tou de lapriy\u00e8 pou m\u00f2 nou renmen anpil yo ak transm\u00e8t istwa yo sou fason yo te viv lafwa yo.<\/p>\n\n\n\n<p><strong>Yon tradisyon ki par\u00e8t se itilize &quot;lis&quot; pou kenbe tras de moun ki te mouri pou nou ka sonje yo epi priye pou nanm yo.<\/strong> Yon fason pou w konprann mo \u201ckanonize\u201d a se pou w panse li vle di \u201cpou ajoute nan lis ofisy\u00e8l la\u201d. Kidonk, l\u00e8 nou di ke yon moun ki sen yo \u201ckanonize k\u00f2m yon sen,\u201d nou vle di ke yo te ajoute nan lis ofisy\u00e8l Legliz la nan fanm ak gason ki nan sy\u00e8l la k\u00f2m yon pati nan kominyon sen yo.<\/p>\n\n\n\n<p>Depi 1583, Legliz Katolik te konpile konpl\u00e8 a <em><a rel=\"noreferrer noopener\" href=\"https:\/\/en.wikipedia.org\/wiki\/Martyrology\" target=\"_blank\">Martyroloji Women<\/a><\/em>, yon lis pi f\u00f2 nan sen ofisy\u00e8l yo atrav\u00e8 mond lan. Fondat\u00e8 relijye Jezi ak Mari, <a rel=\"noreferrer noopener\" href=\"https:\/\/www.vatican.va\/news_services\/liturgy\/saints\/ns_lit_doc_19930321_thevenet_en.html\" target=\"_blank\">Claudine Th\u00e9venet<\/a>, yo te mete sou lis sa a nan sen an 1993 pa Pap Jan P\u00f2l II.<\/p>\n\n\n\n<p><strong>Nan anpil monast\u00e8, yon koutim menm jan an te deja devlope, relijyeu yo ak m\u00e8 yo ta kenbe lis manm nan kominote yo ki te mouri.<\/strong> epi yo ta s\u00e8vi ak lis sa yo pou sonje non fr\u00e8 ak s\u00e8 yo pandan lapriy\u00e8. Youn nan lis m\u00f2 sa yo rele a <a rel=\"noreferrer noopener\" href=\"https:\/\/www.newadvent.org\/cathen\/10734b.htm\" target=\"_blank\">nekroloji<\/a>. <\/p>\n\n\n\n<p>Jodi a, pif\u00f2 kongregasyon relijye yo ak dyos\u00e8z yo kenbe nekroloji manm yo deklare ak kl\u00e8je ki te mouri depi yo te fonde kominote a, ki manm akty\u00e8l yo refere yo l\u00e8 yo priye Litiji nan L\u00e8 yo chak jou.<\/p>\n\n\n\n<p>Souvan, nekroloji yo bay non, dat nesans, ak dat lanm\u00f2 pou chak moun. <strong>Anpil kongregasyon relijye, tankou relijye Jezi ak Mari, prepare yon f\u00f2m nekroloji pi detaye ke yo mete nan achiv yo l\u00e8 yon manm nan kominote a mouri. <\/strong>Nekroloji sa yo ki pi long yo sanble ak nekroloji yo ke yo pibliye nan jounal. <\/p>\n\n\n\n<blockquote class=\"wp-block-quote is-layout-flow wp-block-quote-is-layout-flow\">\n<p>Anba a se yon kol\u00f2n ki par\u00e8t nan la <em>Los Angeles Times<\/em> an 1982, li s\u00e8vi k\u00f2m yon kalite nekroloji pou Sr Agnes (Josefina) Delgado, RJM. Memoryal la te ekri pa Frank del Olmo, yon rep\u00f2t\u00e8 ak edit\u00e8 ki te genyen Pri Pulitzer ak Emmy. &quot;Manman Agnes nan kwa a&quot; te pwofes\u00e8 li.<\/p>\n\n\n\n<figure class=\"wp-block-image size-large\"><a href=\"https:\/\/rjmusa.org\/wp-content\/uploads\/2023\/11\/Sr-Agnes-Delgado-obit-1.jpg\"><img loading=\"lazy\" decoding=\"async\" width=\"1024\" height=\"871\" src=\"https:\/\/rjmusa.org\/wp-content\/uploads\/2023\/11\/Sr-Agnes-Delgado-obit-1-1024x871.jpg\" alt=\"Kol\u00f2n Los Angeles Times soti nan 1982 ki mansyone lanm\u00f2 Manman Agnes Delgado.\" class=\"wp-image-2173\" srcset=\"https:\/\/rjmusa.org\/wp-content\/uploads\/2023\/11\/Sr-Agnes-Delgado-obit-1-1024x871.jpg 1024w, https:\/\/rjmusa.org\/wp-content\/uploads\/2023\/11\/Sr-Agnes-Delgado-obit-1-300x255.jpg 300w, https:\/\/rjmusa.org\/wp-content\/uploads\/2023\/11\/Sr-Agnes-Delgado-obit-1-768x653.jpg 768w, https:\/\/rjmusa.org\/wp-content\/uploads\/2023\/11\/Sr-Agnes-Delgado-obit-1-1536x1307.jpg 1536w, https:\/\/rjmusa.org\/wp-content\/uploads\/2023\/11\/Sr-Agnes-Delgado-obit-1.jpg 1647w\" sizes=\"auto, (max-width: 1024px) 100vw, 1024px\" \/><\/a><\/figure>\n<cite>soti nan Achiv Pwovens USA-Ayiti<\/cite><\/blockquote>\n\n\n\n<p>Nekroloji yo kenbe nan achiv kongregasyon an atrav\u00e8 mond lan se depo enf\u00f2masyon enkwayab sou fanm yo ki te s\u00e8vi k\u00f2m relijye nan Jezi ak Mari. Achiv yo genyen anpil dokiman, gen k\u00e8k ki ekri pa s\u00e8 yo menm. <strong>Nekroloji ofisy\u00e8l yon s\u00e8 souvan tire nan l\u00f2t dokiman ki nan achiv yo, men li se yon kote tou kote istwa ak anekdot sou moun ki mouri a ka anrejistre.<\/strong> Nekroloji a s\u00e8vi k\u00f2m yon rezime nan lavi chak s\u00e8 osi byen ke yon temwayaj nan s\u00e8vis fid\u00e8l li.<\/p>\n\n\n\n<blockquote class=\"wp-block-quote is-layout-flow wp-block-quote-is-layout-flow\">\n<p>Klike anba a pou w li tout nekroloji ofisy\u00e8l Sr Agnes (Josefina) Delgado ki te prepare pou Achiv Pwovensyal yo.<\/p>\n\n\n\n<figure class=\"wp-block-image size-large\"><a href=\"https:\/\/rjmusa.org\/wp-content\/uploads\/2023\/11\/Sr-Agnes-Delgado-Necrology.pdf\" target=\"_blank\" rel=\"noreferrer noopener\"><img loading=\"lazy\" decoding=\"async\" width=\"1024\" height=\"350\" src=\"https:\/\/rjmusa.org\/wp-content\/uploads\/2023\/11\/Sr-Agnes-Delgado-necrology-thumbnail-1024x350.jpg\" alt=\"Miniature pou nekroloji ofisy\u00e8l (PDF) Sr. Agnes Delgado, RJM.\" class=\"wp-image-2174\" srcset=\"https:\/\/rjmusa.org\/wp-content\/uploads\/2023\/11\/Sr-Agnes-Delgado-necrology-thumbnail-1024x350.jpg 1024w, https:\/\/rjmusa.org\/wp-content\/uploads\/2023\/11\/Sr-Agnes-Delgado-necrology-thumbnail-300x102.jpg 300w, https:\/\/rjmusa.org\/wp-content\/uploads\/2023\/11\/Sr-Agnes-Delgado-necrology-thumbnail-768x262.jpg 768w, https:\/\/rjmusa.org\/wp-content\/uploads\/2023\/11\/Sr-Agnes-Delgado-necrology-thumbnail-1536x525.jpg 1536w, https:\/\/rjmusa.org\/wp-content\/uploads\/2023\/11\/Sr-Agnes-Delgado-necrology-thumbnail.jpg 1584w\" sizes=\"auto, (max-width: 1024px) 100vw, 1024px\" \/><\/a><\/figure>\n<\/blockquote>\n\n\n\n<p>Achiv Pwovens USA-Ayiti prez\u00e8ve dokiman ki soti nan lavi s\u00e8 nou yo ansanm ak dokiman ki gen rap\u00f2 ak div\u00e8s kominote ak minist\u00e8 nou yo. Si w enterese aprann plis sou istwa nou an, nou envite w li liv Sr Janice Farnham la <em><a rel=\"noreferrer noopener\" href=\"https:\/\/books.google.com\/books?id=olITEAAAQBAJ&amp;lpg=PP1&amp;pg=PP1#v=onepage&amp;q&amp;f=false\" target=\"_blank\">Tissage espwa<\/a><\/em>, ki baze sou dosye yo nan Achiv pwovensyal yo.<\/p>\n\n\n\n<blockquote class=\"wp-block-quote is-layout-flow wp-block-quote-is-layout-flow\">\n<p>Anba a se n\u00f2t Sr Agnes Delgado ke li te prepare pou ekaristik selebre 50y\u00e8m aniv\u00e8s\u00e8 pwofesyon li k\u00f2m yon RJM.<\/p>\n\n\n\n<figure class=\"wp-block-image size-large\"><a href=\"https:\/\/rjmusa.org\/wp-content\/uploads\/2023\/11\/Sr-Agnes-Delgado-jubilee-booklet-rotated.jpg\"><img loading=\"lazy\" decoding=\"async\" width=\"1024\" height=\"790\" src=\"https:\/\/rjmusa.org\/wp-content\/uploads\/2023\/11\/Sr-Agnes-Delgado-jubilee-booklet-1024x790.jpg\" alt=\"\" class=\"wp-image-2182\" srcset=\"https:\/\/rjmusa.org\/wp-content\/uploads\/2023\/11\/Sr-Agnes-Delgado-jubilee-booklet-1024x790.jpg 1024w, https:\/\/rjmusa.org\/wp-content\/uploads\/2023\/11\/Sr-Agnes-Delgado-jubilee-booklet-300x231.jpg 300w, https:\/\/rjmusa.org\/wp-content\/uploads\/2023\/11\/Sr-Agnes-Delgado-jubilee-booklet-768x592.jpg 768w, https:\/\/rjmusa.org\/wp-content\/uploads\/2023\/11\/Sr-Agnes-Delgado-jubilee-booklet-1536x1184.jpg 1536w, https:\/\/rjmusa.org\/wp-content\/uploads\/2023\/11\/Sr-Agnes-Delgado-jubilee-booklet-2048x1579.jpg 2048w\" sizes=\"auto, (max-width: 1024px) 100vw, 1024px\" \/><\/a><\/figure>\n<cite>Soti nan Achiv Pwovens USA-Ayiti<\/cite><\/blockquote>\n\n\n\n<p>Menm jan nou sonje sou sitw\u00e8b nou an s\u00e8 ki te mouri d\u00e8ny\u00e8man, n ap poste tou n\u00e8kroloji ak l\u00f2t dokiman ki soti nan Achiv pwovensyal nou yo sou s\u00e8 ki te mouri pi lwen nan tan lontan. <strong>Klike anba a pou w w\u00e8 non s\u00e8 RJM ki gen n\u00e8kroloji yo afiche sou sitw\u00e8b sa a.<\/strong> Si gen nenp\u00f2t s\u00e8 ou ta renmen konnen plis sou, tanpri kontakte nou epi n ap f\u00e8 sa nou kapab pou pataje nekroloji li isit la sou sit ent\u00e8n\u00e8t nou an.<\/p>\n\n\n\n<div class=\"wp-block-buttons is-content-justification-center is-layout-flex wp-container-core-buttons-is-layout-16018d1d wp-block-buttons-is-layout-flex\">\n<div class=\"wp-block-button is-style-fill\"><a class=\"wp-block-button__link wp-element-button\" href=\"https:\/\/rjmusa.org\/ht\/section\/necrologies\/\">NECROLOGIES RJM SELECTED<\/a><\/div>\n<\/div>\n\n\n\n<div class=\"wp-block-buttons is-content-justification-center is-layout-flex wp-container-core-buttons-is-layout-16018d1d wp-block-buttons-is-layout-flex\">\n<div class=\"wp-block-button is-style-outline is-style-outline--1\"><a class=\"wp-block-button__link wp-element-button\" href=\"https:\/\/rjmusa.org\/ht\/istwa-nou-an\/\">APRANN PLIS SOU S\u00c8 NOU YO<\/a><\/div>\n\n\n\n<div class=\"wp-block-button is-style-outline is-style-outline--2\"><a class=\"wp-block-button__link wp-element-button\" href=\"https:\/\/rjmusa.org\/ht\/kontakte\/\">KONTAKTE NOU SOU S\u00c8 NOU YO<\/a><\/div>\n<\/div>\n\n\n<style>.wp-block-kadence-spacer.kt-block-spacer-_b00156-9f .kt-block-spacer{height:60px;}.wp-block-kadence-spacer.kt-block-spacer-_b00156-9f .kt-divider{border-top-width:1px;height:1px;border-top-color:#eee;width:80%;border-top-style:solid;}<\/style>\n<div class=\"wp-block-kadence-spacer aligncenter kt-block-spacer-_b00156-9f\"><div class=\"kt-block-spacer kt-block-spacer-halign-center\"><hr class=\"kt-divider\"\/><\/div><\/div>\n\n\n\n<p class=\"has-text-align-left\"><em>Si w enterese jwenn enf\u00f2masyon sou s\u00e8 ki soti nan l\u00f2t kongregasyon relijye yo, nou envite w vizite w<\/em> <a rel=\"noreferrer noopener\" href=\"https:\/\/archivistsacwr.org\/\" target=\"_blank\"><strong>Achiv pou kongregasyon fanm relijye yo<\/strong><\/a><\/p>\n\n\n\n<p>Pou yon gade kaptivan sou fason S\u00e8 Lek\u00f2l Notre Dame yo te f\u00e8 yon gwo kontribisyon nan yon etid National Institutes of Health finanse sou maladi alzayme a nan pataje sa ki nan achiv yo ak bay s\u00e8vo yo. <a href=\"https:\/\/ssnd.org\/ministries\/nun_study\/\" target=\"_blank\" rel=\"noreferrer noopener\">vizite sit ent\u00e8n\u00e8t SSND<\/a>.<\/p>","protected":false},"excerpt":{"rendered":"<p>Depi premye jou Legliz la, kretyen yo te pran tan pou sonje epi priye pou...<\/p>","protected":false},"author":7,"featured_media":2183,"comment_status":"closed","ping_status":"open","sticky":false,"template":"","format":"standard","meta":{"_kad_blocks_custom_css":"","_kad_blocks_head_custom_js":"","_kad_blocks_body_custom_js":"","_kad_blocks_footer_custom_js":"","_kad_post_transparent":"","_kad_post_title":"","_kad_post_layout":"","_kad_post_sidebar_id":"","_kad_post_content_style":"","_kad_post_vertical_padding":"","_kad_post_feature":"hide","_kad_post_feature_position":"","_kad_post_header":false,"_kad_post_footer":false,"footnotes":""},"categories":[217],"tags":[],"our_priorities":[],"section":[194,216],"class_list":["post-2170","post","type-post","status-publish","format-standard","has-post-thumbnail","hentry","category-from-the-archives","section-in-remembrance","section-necrologies"],"acf":[],"taxonomy_info":{"category":[{"value":217,"label":"From the Archives"}],"section":[{"value":194,"label":"In Remembrance"},{"value":216,"label":"Of Blessed Memory"}]},"featured_image_src_large":["https:\/\/rjmusa.org\/wp-content\/uploads\/2023\/11\/RJM-Gravestone-674x1024.jpg",674,1024,true],"author_info":{"display_name":"Toby Harkleroad","author_link":"https:\/\/rjmusa.org\/ht\/author\/toby\/"},"comment_info":0,"category_info":[{"term_id":217,"name":"From the Archives","slug":"from-the-archives","term_group":0,"term_taxonomy_id":217,"taxonomy":"category","description":"","parent":0,"count":6,"filter":"raw","cat_ID":217,"category_count":6,"category_description":"","cat_name":"From the Archives","category_nicename":"from-the-archives","category_parent":0}],"tag_info":false,"_links":{"self":[{"href":"https:\/\/rjmusa.org\/ht\/wp-json\/wp\/v2\/posts\/2170","targetHints":{"allow":["GET"]}}],"collection":[{"href":"https:\/\/rjmusa.org\/ht\/wp-json\/wp\/v2\/posts"}],"about":[{"href":"https:\/\/rjmusa.org\/ht\/wp-json\/wp\/v2\/types\/post"}],"author":[{"embeddable":true,"href":"https:\/\/rjmusa.org\/ht\/wp-json\/wp\/v2\/users\/7"}],"replies":[{"embeddable":true,"href":"https:\/\/rjmusa.org\/ht\/wp-json\/wp\/v2\/comments?post=2170"}],"version-history":[{"count":0,"href":"https:\/\/rjmusa.org\/ht\/wp-json\/wp\/v2\/posts\/2170\/revisions"}],"wp:featuredmedia":[{"embeddable":true,"href":"https:\/\/rjmusa.org\/ht\/wp-json\/wp\/v2\/media\/2183"}],"wp:attachment":[{"href":"https:\/\/rjmusa.org\/ht\/wp-json\/wp\/v2\/media?parent=2170"}],"wp:term":[{"taxonomy":"category","embeddable":true,"href":"https:\/\/rjmusa.org\/ht\/wp-json\/wp\/v2\/categories?post=2170"},{"taxonomy":"post_tag","embeddable":true,"href":"https:\/\/rjmusa.org\/ht\/wp-json\/wp\/v2\/tags?post=2170"},{"taxonomy":"our_priorities","embeddable":true,"href":"https:\/\/rjmusa.org\/ht\/wp-json\/wp\/v2\/our_priorities?post=2170"},{"taxonomy":"section","embeddable":true,"href":"https:\/\/rjmusa.org\/ht\/wp-json\/wp\/v2\/section?post=2170"}],"curies":[{"name":"wp","href":"https:\/\/api.w.org\/{rel}","templated":true}]}}